{"id":719,"date":"2017-09-07T14:54:52","date_gmt":"2017-09-07T12:54:52","guid":{"rendered":"http:\/\/zdravepoostrave.cz\/?p=719"},"modified":"2017-09-21T09:55:18","modified_gmt":"2017-09-21T07:55:18","slug":"evropsky-tyden-mobility","status":"publish","type":"post","link":"https:\/\/zdravepoostrave.cz\/?p=719","title":{"rendered":"Evropsk\u00fd t\u00fdden mobility 2017"},"content":{"rendered":"<p>M\u011bsto Ostrava se zapoj\u00ed do Evropsk\u00e9ho t\u00fddne mobility (ETM), kampan\u011b na podporu udr\u017eiteln\u00fdch forem dopravy. Rozhodla o tom rada m\u011bsta. Kampa\u0148 se kon\u00e1 od roku 2002 v\u017edy od 16. do 22. z\u00e1\u0159\u00ed. Jej\u00edm vyvrcholen\u00edm je Evropsk\u00fd den bez aut, kter\u00fd p\u0159ipad\u00e1 na posledn\u00ed den t\u00fddne mobility. Leto\u0161n\u00edm t\u00e9matem ETM je sd\u00edlen\u00e1, \u010dist\u00e1 a inteligentn\u00ed mobilita.<!--more--><\/p>\n<p>C\u00edlem kampan\u011b je informovat o v\u00fdhod\u00e1ch sd\u00edlen\u00ed dopravn\u00edch prost\u0159edk\u016f s\u00a0ostatn\u00edmi obyvateli nebo zam\u011bstnanci podnik\u016f a motivovat je k\u00a0pou\u017e\u00edv\u00e1n\u00ed alternativn\u00edch a aktivn\u00edch forem dopravy, jako je pou\u017e\u00edv\u00e1n\u00ed j\u00edzdn\u00edho kola nebo ch\u016fze. Alternativy nejen sni\u017euj\u00ed zne\u010di\u0161t\u011bn\u00ed ovzdu\u0161\u00ed ve m\u011bstech, ale tak\u00e9 pom\u00e1haj\u00ed p\u0159edch\u00e1zet zdravotn\u00edm probl\u00e9m\u016fm spojen\u00fdch s\u00a0pasivn\u00edm \u017eivotn\u00edm stylem. V\u00a0kombinaci se sd\u00edlenou dopravou maj\u00ed velk\u00fd potenci\u00e1l zlep\u0161it prost\u0159ed\u00ed ve m\u011bstech.<\/p>\n<blockquote><p>\u201eU p\u0159\u00edle\u017eitosti Evropsk\u00e9ho t\u00fddne mobility jsme nad r\u00e1mec cel\u00e9 \u0159ady aktivit, kter\u00e9 organizuj\u00ed pobo\u010dky Knihovny m\u011bsta Ostravy, pro z\u00e1jemce p\u0159ipravili r\u016fznorod\u00e9 akce, zohled\u0148uj\u00edc\u00ed t\u00e9ma \u010dist\u00e9 dopravy,\u201c \u0159ekla n\u00e1m\u011bstkyn\u011b prim\u00e1tora pro \u017eivotn\u00ed prost\u0159ed\u00ed Kate\u0159ina \u0160ebestov\u00e1.<\/p><\/blockquote>\n<p>V\u00a0sobotu 16. z\u00e1\u0159\u00ed se mohou z\u00e1jemci o kampani ETM dozv\u011bd\u011bt v\u00edce na akci <strong>Za\u017e\u00edt Ostravu jinak<\/strong>. M\u011bsto Ostrava pro n\u00e1v\u0161t\u011bvn\u00edky p\u0159ipravilo doprovodn\u00fd program s\u00a0dopravn\u00ed tematikou. Budou zde tak\u00e9 vystaveny panely s\u00a0t\u00e9matikou \u017eivotn\u00edho prost\u0159ed\u00ed. Ti, kte\u0159\u00ed vyraz\u00ed do Mo\u0161nova na akci Dny NATO a Dny Vzdu\u0161n\u00fdch sil Arm\u00e1dy \u010cesk\u00e9 republiky mohou zvolit \u010distou a bezpe\u010dnou dopravu na kole Pood\u0159\u00edm \u2013 \u00faschova kola na akci je zaji\u0161t\u011bna M\u011bstskou polici\u00ed Ostrava zdarma. Lid\u00e9, kte\u0159\u00ed v\u00a0ned\u011bli z\u016fstanou v\u00a0Ostrav\u011b, mohou vyu\u017e\u00edt slevu na vstupn\u00e9m na radni\u010dn\u00ed v\u011b\u017e pro cyklisty \u2013 stojany a dohled m\u011bstsk\u00e9 policie bude zaji\u0161t\u011bn. V\u00a0\u00fater\u00fd a \u010dtvrtek se z\u00e1jemci mohou z\u00fa\u010dastnit vych\u00e1zky za p\u0159\u00edrodn\u00edmi zaj\u00edmavostmi ke Slezskoostravsk\u00e9mu hradu a pod\u00e9l Lu\u010diny (sraz z\u00e1jemc\u016f v 17:00 hod. na k\u0159i\u017eovatce ulic Pivovarsk\u00e1 x Muzejn\u00ed). V\u00a0p\u00e1tek v 17:00 hod.\u00a0je pak p\u0159ipravena komentovan\u00e1 cykloj\u00edzda od Radnice m\u011bsta Ostravy k\u00a0soutoku Odry s\u00a0Ostravic\u00ed na Landek.<\/p>\n<p>V\u00edce informac\u00ed o Evropsk\u00e9m t\u00fddnu mobility najdete na <a href=\"http:\/\/www.mobilityweek.eu\">www.mobilityweek.eu<\/a>.<\/p>\n<h3>Program aktivit po\u0159\u00e1dan\u00fdch u p\u0159\u00edle\u017eitosti Evropsk\u00e9ho t\u00fddne mobility:<\/h3>\n<p><a href=\"http:\/\/zdravepoostrave.cz\/wp-content\/uploads\/2017\/09\/Program-ETM-2017-Ostrava.pdf\">Program ETM 2017 Ostrava<\/a><\/p>\n<h4>\u00daprava programu &#8211; Omluva<\/h4>\n<p>V\u00e1\u017een\u00ed z\u00e1jemci a fandov\u00e9 cyklistiky,<\/p>\n<p>z d\u016fvodu chladn\u00e9ho a de\u0161tiv\u00e9ho po\u010das\u00ed v tomto t\u00fddnu a nejist\u00e9 a st\u00e1le se m\u011bn\u00edc\u00ed p\u0159edpov\u011bdi po\u010das\u00ed\u00a0bylo rozhodnuto nepo\u0159\u00e1dat p\u00e1te\u010dn\u00ed komentovanou cyklovyj\u00ed\u017e\u010fku od Radnice m\u011bsta Ostravy na Landek.<\/p>\n<p>D\u011bkujeme za pochopen\u00ed<\/p>\n<h3>Informa\u010dn\u00ed materi\u00e1ly:<\/h3>\n<p><a href=\"http:\/\/zdravepoostrave.cz\/wp-content\/uploads\/2017\/09\/Na-kolo-s-rozumem.pdf\"><img loading=\"lazy\" decoding=\"async\" class=\"alignleft wp-image-724 size-medium\" src=\"http:\/\/zdravepoostrave.cz\/wp-content\/uploads\/2017\/09\/Na-kolo-s-rozumem-154x300.png\" alt=\"\" width=\"154\" height=\"300\" srcset=\"https:\/\/zdravepoostrave.cz\/wp-content\/uploads\/2017\/09\/Na-kolo-s-rozumem-154x300.png 154w, https:\/\/zdravepoostrave.cz\/wp-content\/uploads\/2017\/09\/Na-kolo-s-rozumem-179x350.png 179w, https:\/\/zdravepoostrave.cz\/wp-content\/uploads\/2017\/09\/Na-kolo-s-rozumem.png 189w\" sizes=\"auto, (max-width: 154px) 100vw, 154px\" \/><\/a><a href=\"http:\/\/zdravepoostrave.cz\/wp-content\/uploads\/2017\/09\/etm_sdilenim_vpred.pdf\"><img loading=\"lazy\" decoding=\"async\" class=\"alignleft wp-image-733 size-medium\" src=\"http:\/\/zdravepoostrave.cz\/wp-content\/uploads\/2017\/09\/Sd\u00edlen\u00edm-vp\u0159ed-150x300.png\" alt=\"\" width=\"150\" height=\"300\" srcset=\"https:\/\/zdravepoostrave.cz\/wp-content\/uploads\/2017\/09\/Sd\u00edlen\u00edm-vp\u0159ed-150x300.png 150w, https:\/\/zdravepoostrave.cz\/wp-content\/uploads\/2017\/09\/Sd\u00edlen\u00edm-vp\u0159ed-175x350.png 175w, https:\/\/zdravepoostrave.cz\/wp-content\/uploads\/2017\/09\/Sd\u00edlen\u00edm-vp\u0159ed.png 371w\" sizes=\"auto, (max-width: 150px) 100vw, 150px\" \/><\/a><\/p>\n<p>&nbsp;<\/p>\n","protected":false},"excerpt":{"rendered":"<p>M\u011bsto Ostrava se zapoj\u00ed do Evropsk\u00e9ho t\u00fddne mobility (ETM), kampan\u011b na podporu udr\u017eiteln\u00fdch forem dopravy.<\/p>\n<div class=\"more-link-wrapper\"><a class=\"more-link\" href=\"https:\/\/zdravepoostrave.cz\/?p=719\">\u010c\u00edst cel\u00fd \u010dl\u00e1nek<span class=\"screen-reader-text\">Evropsk\u00fd t\u00fdden mobility 2017<\/span><\/a><\/div>\n","protected":false},"author":4,"featured_media":721,"comment_status":"closed","ping_status":"closed","sticky":false,"template":"","format":"standard","meta":{"_acf_changed":false,"footnotes":""},"categories":[15,8,14],"tags":[],"class_list":["post-719","post","type-post","status-publish","format-standard","has-post-thumbnail","hentry","category-alternativni_doprava","category-alternativy","category-homepage","excerpt","zoom","full-without-featured","even","excerpt-0"],"acf":[],"_links":{"self":[{"href":"https:\/\/zdravepoostrave.cz\/index.php?rest_route=\/wp\/v2\/posts\/719","targetHints":{"allow":["GET"]}}],"collection":[{"href":"https:\/\/zdravepoostrave.cz\/index.php?rest_route=\/wp\/v2\/posts"}],"about":[{"href":"https:\/\/zdravepoostrave.cz\/index.php?rest_route=\/wp\/v2\/types\/post"}],"author":[{"embeddable":true,"href":"https:\/\/zdravepoostrave.cz\/index.php?rest_route=\/wp\/v2\/users\/4"}],"replies":[{"embeddable":true,"href":"https:\/\/zdravepoostrave.cz\/index.php?rest_route=%2Fwp%2Fv2%2Fcomments&post=719"}],"version-history":[{"count":15,"href":"https:\/\/zdravepoostrave.cz\/index.php?rest_route=\/wp\/v2\/posts\/719\/revisions"}],"predecessor-version":[{"id":751,"href":"https:\/\/zdravepoostrave.cz\/index.php?rest_route=\/wp\/v2\/posts\/719\/revisions\/751"}],"wp:featuredmedia":[{"embeddable":true,"href":"https:\/\/zdravepoostrave.cz\/index.php?rest_route=\/wp\/v2\/media\/721"}],"wp:attachment":[{"href":"https:\/\/zdravepoostrave.cz\/index.php?rest_route=%2Fwp%2Fv2%2Fmedia&parent=719"}],"wp:term":[{"taxonomy":"category","embeddable":true,"href":"https:\/\/zdravepoostrave.cz\/index.php?rest_route=%2Fwp%2Fv2%2Fcategories&post=719"},{"taxonomy":"post_tag","embeddable":true,"href":"https:\/\/zdravepoostrave.cz\/index.php?rest_route=%2Fwp%2Fv2%2Ftags&post=719"}],"curies":[{"name":"wp","href":"https:\/\/api.w.org\/{rel}","templated":true}]}}