{"id":443,"date":"2017-02-17T07:00:07","date_gmt":"2017-02-17T06:00:07","guid":{"rendered":"http:\/\/zdravepoostrave.cz\/?p=443"},"modified":"2017-05-26T08:20:54","modified_gmt":"2017-05-26T06:20:54","slug":"signal-regulace","status":"publish","type":"post","link":"https:\/\/zdravepoostrave.cz\/?p=443","title":{"rendered":"Smogov\u00e1 situace odvol\u00e1na"},"content":{"rendered":"<p>V sobotu 18. 02. 2017 r\u00e1no byla v Ostrav\u011b odvol\u00e1na smogov\u00e1 situace. Meteorologov\u00e9 pro t\u00fdden od 20. do 26. 02. 2017 p\u0159edpov\u00eddaj\u00ed v\u011btrn\u00e9 po\u010das\u00ed s rychlost\u00ed v\u011btru a\u017e 20 m.s<sup>-1<\/sup>, proto je vyhl\u00e1\u0161en\u00ed dal\u0161\u00ed smogov\u00e9 situace v tomto obdob\u00ed velmi m\u00e1lo pravd\u011bpodobn\u00e9. P\u0159esto zva\u017ete, zda je j\u00edzda autem opravdu nezbytn\u00e1.<\/p>\n<p><!--more--><\/p>\n<p>Aktu\u00e1ln\u00ed koncentrace na stanic\u00edch smogov\u00e9ho varovn\u00e9ho a regula\u010dn\u00edho syst\u00e9mu <a href=\"http:\/\/portal.chmi.cz\/files\/portal\/docs\/uoco\/web_generator\/svrs\/svrs_PM10_1_CZ.html\"><span style=\"color: #0066cc;\">jsou uvedeny zde<\/span><\/a>.<\/p>\n<p>V\u00a0d\u016fsledku kombinace meteorologick\u00e9ho jevu inverze teploty vzduchu, slab\u00e9ho v\u011btru (nebo bezv\u011bt\u0159\u00ed) a lidsk\u00e9 \u010dinnosti, kter\u00e1 je spojena se zne\u010di\u0161\u0165ov\u00e1n\u00edm ovzdu\u0161\u00ed, p\u0159i v\u00fdrob\u011b, vyt\u00e1p\u011bn\u00ed obydl\u00ed nebo doprav\u011b, doch\u00e1z\u00ed k\u00a0rychl\u00e9mu r\u016fstu koncentrac\u00ed l\u00e1tek zne\u010di\u0161\u0165uj\u00edc\u00edch ovzdu\u0161\u00ed. Na \u00fazem\u00ed Hornoslezsk\u00e9ho \u00favalu, ve kter\u00e9m se rozkl\u00e1d\u00e1 m\u011bsto Ostrava, je v\u0161ak i n\u011bkolik faktor\u016f, kter\u00e9 kombinaci v\u00fd\u0161e popsan\u00fdch jev\u016f d\u00e1le posiluj\u00ed. Relativn\u011b mal\u00e9 \u00fazem\u00ed \u00favalu je ohrani\u010deno poho\u0159\u00edmi a pahorkatinami, kter\u00e9 d\u00e1le omezuj\u00ed cirkulaci vzduchu v atmosf\u00e9\u0159e. Vysok\u00e1 koncentrace pr\u016fmyslov\u00fdch zdroj\u016f a lidsk\u00fdch s\u00eddel produkuje zna\u010dn\u00e9 mno\u017estv\u00ed \u0161kodlivin a jejich koncentrace se proto rychle zvy\u0161uj\u00ed. Proto\u017ee je inverze \u010dasto doprov\u00e1zena slab\u00fdm severov\u00fdchodn\u00edm proud\u011bn\u00edm vzduchu, nebo bezv\u011bt\u0159\u00edm, koncentrace \u0161kodlivin v\u00a0ovzdu\u0161\u00ed rostou je\u0161t\u011b rychleji.<\/p>\n<p>V\u00a0obdob\u00ed, kdy je vyhl\u00e1\u0161ena regulace, omezuj\u00ed vybran\u00e9 pr\u016fmyslov\u00e9 zdroje zne\u010di\u0161t\u011bn\u00ed ovzdu\u0161\u00ed produkci \u0161kodlivin (omezuj\u00ed svou v\u00fdrobu). Pro fyzick\u00e9 osoby v\u0161ak \u017e\u00e1dn\u00e1 omezen\u00ed neplat\u00ed, p\u0159esto se i jednotliv\u00ed ob\u010dan\u00e9 na zhor\u0161ov\u00e1n\u00ed kvality ovzdu\u0161\u00ed pod\u00edl\u00ed. V\u011bt\u0161ina jako \u0159idi\u010di automobil\u016f a dal\u0161\u00ed jako provozovatel\u00e9 mal\u00fdch stacion\u00e1rn\u00edch zdroj\u016f (lok\u00e1ln\u00ed vyt\u00e1p\u011bn\u00ed).<\/p>\n<blockquote><p>Obyvatel\u00e9 jsou proto \u017e\u00e1d\u00e1ni, aby v obdob\u00ed smogov\u00e9 situace nebo regulace pokud mo\u017eno nepou\u017e\u00edvali osobn\u00ed automobily, nebo\u0165 emise z automobil\u016f se v\u00fdznamn\u011b pod\u00edlej\u00ed na zv\u00fd\u0161en\u00fdch koncentrac\u00edch suspendovan\u00fdch \u010d\u00e1stic PM<sub>10<\/sub> a oxidu dusi\u010dit\u00e9ho.<\/p><\/blockquote>\n<p>Osob\u00e1m s chronick\u00fdmi d\u00fdchac\u00edmi pot\u00ed\u017eemi, srde\u010dn\u00edm onemocn\u011bn\u00edm, star\u0161\u00edm lidem a mal\u00fdm d\u011btem se p\u0159i vyhl\u00e1\u0161en\u00ed regulace doporu\u010duje omezit pobyt pod \u0161ir\u00fdm nebem. Dosp\u011bl\u00fdm osob\u00e1m bez zdravotn\u00edch pot\u00ed\u017e\u00ed se doporu\u010duje zdr\u017eet se p\u0159i pobytu pod \u0161ir\u00fdm nebem zv\u00fd\u0161en\u00e9 fyzick\u00e9 z\u00e1t\u011b\u017ee, spojen\u00e9 se zv\u00fd\u0161enou frekvenc\u00ed d\u00fdch\u00e1n\u00ed.<\/p>\n<p><strong>V obdob\u00ed se \u0161patnou kvalitou ovzdu\u0161\u00ed se doporu\u010duje:<\/strong><\/p>\n<ul>\n<li>omezit pobyt venku<\/li>\n<li>vyh\u00fdbat se nam\u00e1hav\u00e9 fyzick\u00e9 pr\u00e1ci a sportov\u00e1n\u00ed venku<\/li>\n<li>zv\u00fd\u0161it p\u0159\u00edsun vitam\u00edn\u016f zejm\u00e9na vitam\u00ednu C<\/li>\n<li>nekou\u0159it a\u00a0vyh\u00fdbat\u00a0se zakou\u0159en\u00fdch prostor\u00e1m<\/li>\n<li>v\u011btrat m\u00edstnosti kr\u00e1tce a n\u00e1razov\u011b<\/li>\n<li>omezit v\u00a0dom\u00e1cnostech pou\u017e\u00edv\u00e1n\u00ed otev\u0159en\u00fdch plynov\u00fdch spot\u0159ebi\u010d\u016f a krb\u016f<\/li>\n<li>nepracovat s\u00a0chemick\u00fdm l\u00e1tkami jako jsou barvy nebo rozpou\u0161t\u011bdla<\/li>\n<\/ul>\n<h3>Co je smogov\u00e1 situace?<\/h3>\n<p>Smogov\u00e1 situace je stav mimo\u0159\u00e1dn\u011b zne\u010di\u0161t\u011bn\u00e9ho ovzdu\u0161\u00ed, kdy \u00farove\u0148 zne\u010di\u0161t\u011bn\u00ed oxidem si\u0159i\u010dit\u00fdm, oxidem dusi\u010dit\u00fdm, \u010d\u00e1sticemi\u00a0PM<sub>10<\/sub> nebo troposf\u00e9rick\u00fdm ozonem p\u0159ekro\u010d\u00ed n\u011bkterou z prahov\u00fdch hodnot a za podm\u00ednek stanoven\u00fdch z\u00e1konem o ochran\u011b ovzdu\u0161\u00ed.<\/p>\n<p>Vznik smogov\u00e9 situace a jej\u00ed ukon\u010den\u00ed vyhla\u0161uje ministerstvo neprodlen\u011b ve ve\u0159ejn\u011b p\u0159\u00edstupn\u00e9m informa\u010dn\u00edm syst\u00e9mu a v m\u00e9di\u00edch. Sou\u010dasn\u011b neprodlen\u011b informuje inspekci, dot\u010den\u00e9 krajsk\u00e9 \u00fa\u0159ady, dot\u010den\u00e9 obecn\u00ed \u00fa\u0159ady, kter\u00e9 maj\u00ed vydan\u00fd regula\u010dn\u00ed \u0159\u00e1d, d\u00e1le obce, kter\u00e9 maj\u00ed stanovenu n\u00edzkoemisn\u00ed z\u00f3nu, a dot\u010den\u00e9 provozovatele stacion\u00e1rn\u00edch zdroj\u016f, kter\u00fdm byly ulo\u017eeny zvl\u00e1\u0161tn\u00ed podm\u00ednky provozu.<\/p>\n<h3>Co je regulace?<\/h3>\n<p>Regulace se vyhla\u0161uje v souladu se z\u00e1konem o ochran\u011b ovzdu\u0161\u00ed, kter\u00fd uv\u00e1d\u00ed, \u017ee regula\u010dn\u00ed prahov\u00e1 hodnota je pova\u017eov\u00e1na za p\u0159ekro\u010denou v p\u0159\u00edpad\u011b, \u017ee alespo\u0148 na polovin\u011b m\u011b\u0159ic\u00edch lokalit reprezentativn\u00edch pro \u00farove\u0148 zne\u010di\u0161t\u011bn\u00ed v oblasti minim\u00e1ln\u011b 100 km<sup>2<\/sup>, nebo na dvou m\u011b\u0159ic\u00edch lokalit\u00e1ch, pokud jsou pro oblast reprezentativn\u00ed pr\u00e1v\u011b dv\u011b m\u011b\u0159ic\u00ed lokality, p\u0159ekro\u010dila hodnota dvan\u00e1ctihodinov\u00e9ho klouzav\u00e9ho pr\u016fm\u011bru hodinov\u00e9 koncentrace \u010d\u00e1stic PM<sub>10<\/sub> hodnotu 150 \u00b5g.m<sup>-3<\/sup>, a z\u00e1rove\u0148 se na z\u00e1klad\u011b vyhodnocen\u00ed p\u0159edpov\u011bdi meteorologick\u00fdch podm\u00ednek a imisn\u00ed situace b\u011bhem n\u00e1sleduj\u00edc\u00edch 24 hodin nep\u0159edpokl\u00e1d\u00e1 pokles koncentrace pod regula\u010dn\u00ed prahovou hodnotu.<\/p>\n<p>Seznam m\u011b\u0159ic\u00edch lokalit a jejich reprezentativnost pro konkr\u00e9tn\u00ed \u00fazem\u00ed v r\u00e1mci z\u00f3ny nebo aglomerace je stanoven ve V\u011bstn\u00edku Ministerstva \u017eivotn\u00edho prost\u0159ed\u00ed.<\/p>\n<hr \/>\n<p>Obr\u00e1zek \u010dl\u00e1nku je ilustra\u010dn\u00ed a poch\u00e1z\u00ed z Pixabay.<\/p>\n","protected":false},"excerpt":{"rendered":"<p>V sobotu 18. 02. 2017 r\u00e1no byla v Ostrav\u011b odvol\u00e1na smogov\u00e1 situace. Meteorologov\u00e9 pro t\u00fdden<\/p>\n<div class=\"more-link-wrapper\"><a class=\"more-link\" href=\"https:\/\/zdravepoostrave.cz\/?p=443\">\u010c\u00edst cel\u00fd \u010dl\u00e1nek<span class=\"screen-reader-text\">Smogov\u00e1 situace odvol\u00e1na<\/span><\/a><\/div>\n","protected":false},"author":4,"featured_media":452,"comment_status":"closed","ping_status":"closed","sticky":false,"template":"","format":"standard","meta":{"_acf_changed":false,"footnotes":""},"categories":[13],"tags":[],"class_list":["post-443","post","type-post","status-publish","format-standard","has-post-thumbnail","hentry","category-nech-auto-doma","excerpt","zoom","full-without-featured","even","excerpt-0"],"acf":[],"_links":{"self":[{"href":"https:\/\/zdravepoostrave.cz\/index.php?rest_route=\/wp\/v2\/posts\/443","targetHints":{"allow":["GET"]}}],"collection":[{"href":"https:\/\/zdravepoostrave.cz\/index.php?rest_route=\/wp\/v2\/posts"}],"about":[{"href":"https:\/\/zdravepoostrave.cz\/index.php?rest_route=\/wp\/v2\/types\/post"}],"author":[{"embeddable":true,"href":"https:\/\/zdravepoostrave.cz\/index.php?rest_route=\/wp\/v2\/users\/4"}],"replies":[{"embeddable":true,"href":"https:\/\/zdravepoostrave.cz\/index.php?rest_route=%2Fwp%2Fv2%2Fcomments&post=443"}],"version-history":[{"count":31,"href":"https:\/\/zdravepoostrave.cz\/index.php?rest_route=\/wp\/v2\/posts\/443\/revisions"}],"predecessor-version":[{"id":531,"href":"https:\/\/zdravepoostrave.cz\/index.php?rest_route=\/wp\/v2\/posts\/443\/revisions\/531"}],"wp:featuredmedia":[{"embeddable":true,"href":"https:\/\/zdravepoostrave.cz\/index.php?rest_route=\/wp\/v2\/media\/452"}],"wp:attachment":[{"href":"https:\/\/zdravepoostrave.cz\/index.php?rest_route=%2Fwp%2Fv2%2Fmedia&parent=443"}],"wp:term":[{"taxonomy":"category","embeddable":true,"href":"https:\/\/zdravepoostrave.cz\/index.php?rest_route=%2Fwp%2Fv2%2Fcategories&post=443"},{"taxonomy":"post_tag","embeddable":true,"href":"https:\/\/zdravepoostrave.cz\/index.php?rest_route=%2Fwp%2Fv2%2Ftags&post=443"}],"curies":[{"name":"wp","href":"https:\/\/api.w.org\/{rel}","templated":true}]}}