{"id":266,"date":"2016-09-05T13:13:34","date_gmt":"2016-09-05T11:13:34","guid":{"rendered":"http:\/\/zdravepoostrave.cz\/?p=266"},"modified":"2016-11-30T12:14:34","modified_gmt":"2016-11-30T11:14:34","slug":"17-09-2016","status":"publish","type":"post","link":"https:\/\/zdravepoostrave.cz\/?p=266","title":{"rendered":"17. 09. 2016"},"content":{"rendered":"<p>\u010cist\u00fd are\u00e1l projektu Zdrav\u011b po Ostrav\u011b byl po cel\u00fd den 17. 09. 2016 obyvatel\u016fm m\u011bsta v r\u00e1mci kampan\u011b Evropsk\u00fd t\u00fdden mobility k\u00a0dispozici za komplexem kina Luna v\u00a0Ostrav\u011b-Z\u00e1b\u0159ehu.<\/p>\n<p><!--more--><\/p>\n<p><img loading=\"lazy\" decoding=\"async\" class=\"size-medium wp-image-273 alignleft\" src=\"http:\/\/zdravepoostrave.cz\/wp-content\/uploads\/2016\/09\/09_CA2_akce-300x224.jpg\" alt=\"09_ca2_akce\" width=\"300\" height=\"224\" srcset=\"https:\/\/zdravepoostrave.cz\/wp-content\/uploads\/2016\/09\/09_CA2_akce-300x224.jpg 300w, https:\/\/zdravepoostrave.cz\/wp-content\/uploads\/2016\/09\/09_CA2_akce-768x573.jpg 768w, https:\/\/zdravepoostrave.cz\/wp-content\/uploads\/2016\/09\/09_CA2_akce-1024x764.jpg 1024w, https:\/\/zdravepoostrave.cz\/wp-content\/uploads\/2016\/09\/09_CA2_akce-469x350.jpg 469w, https:\/\/zdravepoostrave.cz\/wp-content\/uploads\/2016\/09\/09_CA2_akce.jpg 1600w\" sizes=\"auto, (max-width: 300px) 100vw, 300px\" \/>V\u00a0odpoledn\u00edch hodin\u00e1ch se pak tento \u010cist\u00fd are\u00e1l stal sou\u010d\u00e1st\u00ed sousedsk\u00e9 slavnosti Za\u017e\u00edt Ostravu jinak. St\u00e1nek byl v\u00a0r\u00e1mci akce um\u00edst\u011bn mimo dosah reproduktor\u016f um\u00edst\u011bn\u00fdch na p\u00f3diu, aby bylo mo\u017eno s\u00a0ob\u010dany diskutovat. Celou akci ovlivnilo pom\u011brn\u011b nep\u0159\u00edzniv\u00e9 po\u010das\u00ed s\u00a0kr\u00e1tk\u00fdmi intervaly siln\u00e9ho de\u0161t\u011b. Celkov\u011b bylo osloveno na 700 obyvatel m\u011bsta, kter\u00fdm byly poskytnuty informace o p\u0159\u00ednosu alternativn\u00edch zp\u016fsob\u016f dopravy na jejich zdrav\u00ed a \u017eivotn\u00ed prost\u0159ed\u00ed m\u011bsta. V\u00a0r\u00e1mci kampan\u011b byly rozd\u00e1v\u00e1ny informa\u010dn\u00ed let\u00e1ky pro cyklisty, obecn\u00e9 informa\u010dn\u00ed let\u00e1ky o\u00a0kampani, bro\u017eury kampan\u011b, reflexn\u00ed p\u00e1sky a m\u00fcsli ty\u010dinky.<\/p>\n<p>St\u00e1nek nav\u0161t\u00edvili cyklist\u00e9 i chodci. P\u0159ev\u00e1\u017en\u011b se jednalo o ob\u010dany, kte\u0159\u00ed ve v\u011bt\u0161\u00ed m\u00ed\u0159e vyu\u017e\u00edvaj\u00ed m\u011bstskou hromadnou dopravu v\u00a0kombinaci s\u00a0ch\u016fz\u00ed a cyklistikou. V\u00fdjime\u010dn\u011b pou\u017e\u00edvaj\u00ed automobil, zejm\u00e9na z\u00a0pracovn\u00edch d\u016fvod\u016f. Jednalo se tedy o ob\u010dany, kte\u0159\u00ed z\u00a0r\u016fzn\u00fdch d\u016fvod\u016f (ekonomick\u00fdch, soci\u00e1ln\u00edch) byli motivov\u00e1ni k\u00a0pou\u017e\u00edv\u00e1n\u00ed alternativ. Obyvatel\u00e9, kte\u0159\u00ed vyu\u017e\u00edvaj\u00ed p\u0159ev\u00e1\u017en\u011b automobil, se p\u0159ed akc\u00ed, i b\u011bhem n\u00ed o st\u00e1nek nezaj\u00edmali, respektive na akci nedorazili. Zde se z\u0159ejm\u011b d\u00e1 adaptovat zji\u0161t\u011bn\u00ed ji\u017e proveden\u00fdch studi\u00ed v\u00a0z\u00e1padn\u00edch zem\u00edch EU, \u017ee automobilist\u00e9 m\u00e9n\u011b utr\u00e1c\u00ed ve m\u011bstech, tj. \u017ee maj\u00ed mo\u017en\u00e1 tak\u00e9 ni\u017e\u0161\u00ed pot\u0159ebu spojen\u00ed s\u00a0m\u00edstn\u00ed komunitou a vyu\u017e\u00edv\u00e1n\u00edm slu\u017eeb v\u00a0m\u00edst\u011b bydli\u0161t\u011b.<\/p>\n<p>V\u00a0diskusi s\u00a0jednotliv\u00fdmi ob\u010dany se vyskytly zejm\u00e9na t\u00e9mata bezpe\u010dnosti pohybu cyklist\u016f, p\u0159edev\u0161\u00edm na kombinovan\u00fdch stezk\u00e1ch s chodci, zabezpe\u010den\u00ed kola proti kr\u00e1de\u017ei nebo nedostatku bezpe\u010dn\u00fdch p\u0159ejezd\u016f mezi jednotliv\u00fdmi \u010d\u00e1stmi m\u011bsta Poruba \u2013 Z\u00e1b\u0159eh (Dub\u00ed), Poruba \u2013 Nov\u00e1 Ves, a to zejm\u00e9na formou p\u0159emost\u011bn\u00ed Odry (nedostatek most\u016f).<\/p>\n<p>M\u00edstn\u00ed obyvatel\u00e9 tak\u00e9 projevovali ur\u010ditou m\u00edru nespokojenosti s\u00a0dopravn\u00ed situac\u00ed v\u00a0m\u00edst\u011b kon\u00e1n\u00ed akce (zaveden\u00e9 oboustrann\u00e9 parkov\u00e1n\u00ed na \u00fazk\u00e9 m\u00edstn\u00ed komunikaci, odstavov\u00e1n\u00ed autovrak\u016f na\u00a0parkovi\u0161t\u00edch, parkov\u00e1ni dod\u00e1vkov\u00fdch vozidel mimo vyzna\u010denou dobu). Vyskytly se tak\u00e9 obavy z\u00a0roz\u0161\u00ed\u0159en\u00ed parkov\u00e1n\u00ed, konkr\u00e9tn\u011b v\u00a0\u00fazem\u00ed kon\u00e1n\u00ed akce Za\u017e\u00edt Ostravu jinak, a to na \u00fakor ve\u0159ejn\u00e9 zelen\u011b p\u0159ed\u00a0budovou Z\u0160 Kosmonaut\u016f 13. V\u00a0souvislosti s\u00a0ve\u0159ejnou hromadnou dopravou padly v\u00fdtky k\u00a0ovlivn\u011bn\u00ed d\u00e9lky cestov\u00e1n\u00ed z\u00a0d\u016fvodu mno\u017estv\u00ed dopravn\u00edch omezen\u00ed, nebo k nevyhovuj\u00edc\u00edmu trasov\u00e1n\u00ed linek MHD.<\/p>\n<p><img loading=\"lazy\" decoding=\"async\" class=\"size-medium wp-image-274 alignleft\" src=\"http:\/\/zdravepoostrave.cz\/wp-content\/uploads\/2016\/09\/12_Dny-NATO_kolarna-300x199.jpg\" alt=\"12_dny-nato_kolarna\" width=\"300\" height=\"199\" srcset=\"https:\/\/zdravepoostrave.cz\/wp-content\/uploads\/2016\/09\/12_Dny-NATO_kolarna-300x199.jpg 300w, https:\/\/zdravepoostrave.cz\/wp-content\/uploads\/2016\/09\/12_Dny-NATO_kolarna-768x511.jpg 768w, https:\/\/zdravepoostrave.cz\/wp-content\/uploads\/2016\/09\/12_Dny-NATO_kolarna-526x350.jpg 526w, https:\/\/zdravepoostrave.cz\/wp-content\/uploads\/2016\/09\/12_Dny-NATO_kolarna.jpg 922w\" sizes=\"auto, (max-width: 300px) 100vw, 300px\" \/>Ve stejn\u00fd den,\u00a0v r\u00e1mci Dn\u016f NATO v\u00a0are\u00e1lu Leti\u0161t\u011b Leo\u0161e Jan\u00e1\u010dka, p\u0159ipravila M\u011bstsk\u00e1 policie Ostrava pro n\u00e1v\u0161t\u011bvn\u00edky 4 kol\u00e1rny, ve kter\u00fdch si mohli uschovat sv\u00e1 j\u00edzdn\u00ed kola. Provoz kol\u00e1rny zaji\u0161\u0165ovali odpov\u011bdn\u00ed pracovn\u00edci M\u011bstsk\u00e9 policie Ostrava. Mo\u017enosti uschovat si kolo vyu\u017eilo cca 5 tis\u00edc cyklist\u016f. V\u00a0kol\u00e1rn\u011b byly um\u00edst\u011bny bannery \u201eZdrav\u011b po Ostrav\u011b\u201c s\u00a0logy kampan\u011b, d\u00e1le zde byly k\u00a0dispozici propaga\u010dn\u00ed materi\u00e1ly projektu &#8211; bro\u017eury, reflexn\u00ed p\u00e1sky a m\u00fcsli ty\u010dinky.<\/p>\n","protected":false},"excerpt":{"rendered":"<p>\u010cist\u00fd are\u00e1l projektu Zdrav\u011b po Ostrav\u011b byl po cel\u00fd den 17. 09. 2016 obyvatel\u016fm m\u011bsta<\/p>\n<div class=\"more-link-wrapper\"><a class=\"more-link\" href=\"https:\/\/zdravepoostrave.cz\/?p=266\">\u010c\u00edst cel\u00fd \u010dl\u00e1nek<span class=\"screen-reader-text\">17. 09. 2016<\/span><\/a><\/div>\n","protected":false},"author":4,"featured_media":142,"comment_status":"closed","ping_status":"closed","sticky":false,"template":"","format":"standard","meta":{"_acf_changed":false,"footnotes":""},"categories":[9],"tags":[],"class_list":["post-266","post","type-post","status-publish","format-standard","has-post-thumbnail","hentry","category-cisty-areal","excerpt","zoom","full-without-featured","even","excerpt-0"],"acf":[],"_links":{"self":[{"href":"https:\/\/zdravepoostrave.cz\/index.php?rest_route=\/wp\/v2\/posts\/266","targetHints":{"allow":["GET"]}}],"collection":[{"href":"https:\/\/zdravepoostrave.cz\/index.php?rest_route=\/wp\/v2\/posts"}],"about":[{"href":"https:\/\/zdravepoostrave.cz\/index.php?rest_route=\/wp\/v2\/types\/post"}],"author":[{"embeddable":true,"href":"https:\/\/zdravepoostrave.cz\/index.php?rest_route=\/wp\/v2\/users\/4"}],"replies":[{"embeddable":true,"href":"https:\/\/zdravepoostrave.cz\/index.php?rest_route=%2Fwp%2Fv2%2Fcomments&post=266"}],"version-history":[{"count":6,"href":"https:\/\/zdravepoostrave.cz\/index.php?rest_route=\/wp\/v2\/posts\/266\/revisions"}],"predecessor-version":[{"id":276,"href":"https:\/\/zdravepoostrave.cz\/index.php?rest_route=\/wp\/v2\/posts\/266\/revisions\/276"}],"wp:featuredmedia":[{"embeddable":true,"href":"https:\/\/zdravepoostrave.cz\/index.php?rest_route=\/wp\/v2\/media\/142"}],"wp:attachment":[{"href":"https:\/\/zdravepoostrave.cz\/index.php?rest_route=%2Fwp%2Fv2%2Fmedia&parent=266"}],"wp:term":[{"taxonomy":"category","embeddable":true,"href":"https:\/\/zdravepoostrave.cz\/index.php?rest_route=%2Fwp%2Fv2%2Fcategories&post=266"},{"taxonomy":"post_tag","embeddable":true,"href":"https:\/\/zdravepoostrave.cz\/index.php?rest_route=%2Fwp%2Fv2%2Ftags&post=266"}],"curies":[{"name":"wp","href":"https:\/\/api.w.org\/{rel}","templated":true}]}}