{"id":207,"date":"2016-09-06T11:26:54","date_gmt":"2016-09-06T09:26:54","guid":{"rendered":"http:\/\/zdravepoostrave.cz\/?p=207"},"modified":"2016-11-30T12:14:18","modified_gmt":"2016-11-30T11:14:18","slug":"cisty-areal-na-akci","status":"publish","type":"post","link":"https:\/\/zdravepoostrave.cz\/?p=207","title":{"rendered":"28. 10. 2016"},"content":{"rendered":"<p>Z\u00e1bavu, pou\u010den\u00ed i p\u0159ehr\u0161el informac\u00ed o\u00a0ekologick\u00e9 doprav\u011b a \u010dinnosti veden\u00ed m\u011bsta nab\u00eddl Den otev\u0159en\u00fdch dve\u0159\u00ed Radnice m\u011bsta Ostravy, uspo\u0159\u00e1dan\u00fd u p\u0159\u00edle\u017eitosti sv\u00e1tku 28. \u0159\u00edjna.<\/p>\n<p><!--more--><\/p>\n<p><img loading=\"lazy\" decoding=\"async\" class=\"size-medium wp-image-320 alignleft\" src=\"http:\/\/zdravepoostrave.cz\/wp-content\/uploads\/2016\/09\/WP_20161028_13_18_21_Pro-300x224.jpg\" alt=\"wp_20161028_13_18_21_pro\" width=\"300\" height=\"224\" srcset=\"https:\/\/zdravepoostrave.cz\/wp-content\/uploads\/2016\/09\/WP_20161028_13_18_21_Pro-300x224.jpg 300w, https:\/\/zdravepoostrave.cz\/wp-content\/uploads\/2016\/09\/WP_20161028_13_18_21_Pro-768x574.jpg 768w, https:\/\/zdravepoostrave.cz\/wp-content\/uploads\/2016\/09\/WP_20161028_13_18_21_Pro-1024x765.jpg 1024w, https:\/\/zdravepoostrave.cz\/wp-content\/uploads\/2016\/09\/WP_20161028_13_18_21_Pro-469x350.jpg 469w\" sizes=\"auto, (max-width: 300px) 100vw, 300px\" \/>V pracovn\u011b prim\u00e1tora debatoval se z\u00e1jemci o prohl\u00eddku radni\u010dn\u00edch reprezenta\u010dn\u00edch prostor prim\u00e1tor Tom\u00e1\u0161 Macura, v s\u00edni rady m\u011bsta je v\u00edtal statut\u00e1rn\u00ed z\u00e1stupce prim\u00e1tora, n\u00e1m\u011bstek Michal Mari\u00e1nek. Hovo\u0159ilo se o problematice dopravy, stavu komunikac\u00ed, o\u017eivov\u00e1n\u00ed m\u011bstsk\u00e9ho centra, o investic\u00edch, pl\u00e1nech a z\u00e1m\u011brech a v\u016fbec o v\u0161em, co Ostravany p\u00e1l\u00ed nebo zaj\u00edm\u00e1. Akce m\u011bla u\u017e tradi\u010dn\u011b \u00fasp\u011bch, z\u00fa\u010dastnily se j\u00ed stovky, mo\u017en\u00e1 tis\u00edce lid\u00ed. Prohl\u00e9dnout si radnici v doprovodu pr\u016fvodce stihlo okolo 500 osob, v\u00fdhled z radni\u010dn\u00ed v\u011b\u017ee si vychutnalo 750 z\u00e1jemc\u016f.<\/p>\n<p><img loading=\"lazy\" decoding=\"async\" class=\"size-medium wp-image-322 alignright\" src=\"http:\/\/zdravepoostrave.cz\/wp-content\/uploads\/2016\/09\/WP_20161028_14_17_00_Pro-300x224.jpg\" alt=\"wp_20161028_14_17_00_pro\" width=\"300\" height=\"224\" srcset=\"https:\/\/zdravepoostrave.cz\/wp-content\/uploads\/2016\/09\/WP_20161028_14_17_00_Pro-300x224.jpg 300w, https:\/\/zdravepoostrave.cz\/wp-content\/uploads\/2016\/09\/WP_20161028_14_17_00_Pro-768x574.jpg 768w, https:\/\/zdravepoostrave.cz\/wp-content\/uploads\/2016\/09\/WP_20161028_14_17_00_Pro-1024x765.jpg 1024w, https:\/\/zdravepoostrave.cz\/wp-content\/uploads\/2016\/09\/WP_20161028_14_17_00_Pro-469x350.jpg 469w\" sizes=\"auto, (max-width: 300px) 100vw, 300px\" \/>Pro v\u0161echny \u00fa\u010dastn\u00edky byl na Proke\u0161ov\u011b n\u00e1m\u011bst\u00ed p\u0159ipraven doprovodn\u00fd program projektu Zdrav\u011b po Ostrav\u011b, kter\u00fd propaguje ekologick\u00e9 zp\u016fsoby dopravy po m\u011bst\u011b. Krom\u011b informac\u00ed o projektu a mo\u017enosti diskutovat s koordin\u00e1torem projektu si n\u00e1v\u0161t\u011bvn\u00edci mohli vyzkou\u0161et, jak se jezd\u00ed v nejmodern\u011bj\u0161\u00edch elektromobilech, d\u016fkladn\u011b si prohl\u00e9dnout a sezn\u00e1mit se s parametry vozidel Dopravn\u00edho podniku Ostrava, kter\u00e9 jsou poh\u00e1n\u011bny elekt\u0159inou nebo CNG. Cyklist\u00e9 vyu\u017eili mo\u017enosti zav\u00e9st sv\u00e9 kolo do registru M\u011bstsk\u00e9 policie Ostrava a opat\u0159it jej &#8222;syntetickou DNA&#8220;. Dal\u0161\u00ed z\u00e1bavn\u00e9 aktivity na t\u00e9ma ekologick\u00e9 dopravy a elektromobility p\u0159ipravila Vysok\u00e1 \u0161kola b\u00e1\u0148sk\u00e1 &#8211; Technick\u00e1 univerzita Ostrava a Doln\u00ed oblast V\u00edtkovice. Ti, kte\u0159\u00ed se vypravili na cykloj\u00edzdu do Zoologick\u00e9 zahrady Ostrava s &#8222;hrst\u00ed&#8220; \u017ealud\u016f nebo ka\u0161tan\u016f, z\u00edskali voln\u00e9 vstupenky na ned\u011bln\u00ed\u00a0komentovanou prohl\u00eddku ZOO.<\/p>\n<p>U na\u0161eho st\u00e1nku jste s n\u00e1mi diskutovali mimo jin\u00e9 o mo\u017enosti zaveden\u00ed parkovac\u00edch dom\u016f pro cyklisty, o va\u0161ich pocitech z rozvoje cyklistick\u00e9 dopravy a n\u011bkte\u0159\u00ed n\u00e1m nad\u0161en\u011b sd\u011blovali sv\u00e9 z\u00e1\u017eitky z j\u00edzdy elektromobilem.<\/p>\n","protected":false},"excerpt":{"rendered":"<p>Z\u00e1bavu, pou\u010den\u00ed i p\u0159ehr\u0161el informac\u00ed o\u00a0ekologick\u00e9 doprav\u011b a \u010dinnosti veden\u00ed m\u011bsta nab\u00eddl Den otev\u0159en\u00fdch dve\u0159\u00ed<\/p>\n<div class=\"more-link-wrapper\"><a class=\"more-link\" href=\"https:\/\/zdravepoostrave.cz\/?p=207\">\u010c\u00edst cel\u00fd \u010dl\u00e1nek<span class=\"screen-reader-text\">28. 10. 2016<\/span><\/a><\/div>\n","protected":false},"author":4,"featured_media":254,"comment_status":"closed","ping_status":"closed","sticky":false,"template":"","format":"standard","meta":{"_acf_changed":false,"footnotes":""},"categories":[9],"tags":[],"class_list":["post-207","post","type-post","status-publish","format-standard","has-post-thumbnail","hentry","category-cisty-areal","excerpt","zoom","full-without-featured","even","excerpt-0"],"acf":[],"_links":{"self":[{"href":"https:\/\/zdravepoostrave.cz\/index.php?rest_route=\/wp\/v2\/posts\/207","targetHints":{"allow":["GET"]}}],"collection":[{"href":"https:\/\/zdravepoostrave.cz\/index.php?rest_route=\/wp\/v2\/posts"}],"about":[{"href":"https:\/\/zdravepoostrave.cz\/index.php?rest_route=\/wp\/v2\/types\/post"}],"author":[{"embeddable":true,"href":"https:\/\/zdravepoostrave.cz\/index.php?rest_route=\/wp\/v2\/users\/4"}],"replies":[{"embeddable":true,"href":"https:\/\/zdravepoostrave.cz\/index.php?rest_route=%2Fwp%2Fv2%2Fcomments&post=207"}],"version-history":[{"count":24,"href":"https:\/\/zdravepoostrave.cz\/index.php?rest_route=\/wp\/v2\/posts\/207\/revisions"}],"predecessor-version":[{"id":323,"href":"https:\/\/zdravepoostrave.cz\/index.php?rest_route=\/wp\/v2\/posts\/207\/revisions\/323"}],"wp:featuredmedia":[{"embeddable":true,"href":"https:\/\/zdravepoostrave.cz\/index.php?rest_route=\/wp\/v2\/media\/254"}],"wp:attachment":[{"href":"https:\/\/zdravepoostrave.cz\/index.php?rest_route=%2Fwp%2Fv2%2Fmedia&parent=207"}],"wp:term":[{"taxonomy":"category","embeddable":true,"href":"https:\/\/zdravepoostrave.cz\/index.php?rest_route=%2Fwp%2Fv2%2Fcategories&post=207"},{"taxonomy":"post_tag","embeddable":true,"href":"https:\/\/zdravepoostrave.cz\/index.php?rest_route=%2Fwp%2Fv2%2Ftags&post=207"}],"curies":[{"name":"wp","href":"https:\/\/api.w.org\/{rel}","templated":true}]}}